{"id":67,"date":"2024-06-25T10:35:09","date_gmt":"2024-06-25T08:35:09","guid":{"rendered":"https:\/\/www.socials-insaiguaviva.org\/filosofia\/?p=67"},"modified":"2024-06-25T10:35:09","modified_gmt":"2024-06-25T08:35:09","slug":"llibres-de-lectura","status":"publish","type":"post","link":"https:\/\/www.socials-insaiguaviva.org\/filosofia\/llibres-de-lectura\/","title":{"rendered":"Llibres de lectura"},"content":{"rendered":"\n<p><img loading=\"lazy\" decoding=\"async\" width=\"150\" height=\"229\" class=\"wp-image-68\" style=\"width: 150px;\" src=\"https:\/\/www.socials-insaiguaviva.org\/filosofia\/wp-content\/uploads\/2024\/06\/cami.jpg\" alt=\"Cam\u00ed Del Mar. Vuit Di\u00e0legs Amb La Filosofia\" srcset=\"https:\/\/www.socials-insaiguaviva.org\/filosofia\/wp-content\/uploads\/2024\/06\/cami.jpg 552w, https:\/\/www.socials-insaiguaviva.org\/filosofia\/wp-content\/uploads\/2024\/06\/cami-196x300.jpg 196w\" sizes=\"auto, (max-width: 150px) 100vw, 150px\" \/><\/p>\n\n\n\n<p>Cam\u00ed Del Mar. Vuit Di\u00e0legs Amb La Filosofia<br>de Ll Cerarols i M Codina<br>Ed. L&#8217;ALBI<br>ISBN: 9788415269748<\/p>\n\n\n\n<p><img loading=\"lazy\" decoding=\"async\" width=\"150\" height=\"235\" class=\"wp-image-65\" style=\"width: 150px;\" src=\"https:\/\/www.socials-insaiguaviva.org\/filosofia\/wp-content\/uploads\/2024\/06\/UnPaseo.jpg\" alt=\"Richard David Precht \u00bfPor qu\u00e9 hay todo y no nada?\" srcset=\"https:\/\/www.socials-insaiguaviva.org\/filosofia\/wp-content\/uploads\/2024\/06\/UnPaseo.jpg 552w, https:\/\/www.socials-insaiguaviva.org\/filosofia\/wp-content\/uploads\/2024\/06\/UnPaseo-192x300.jpg 192w\" sizes=\"auto, (max-width: 150px) 100vw, 150px\" \/><\/p>\n\n\n\n<p>Richard David Precht<br>\u00bfPor qu\u00e9 hay todo y no nada? Un paseo por la filosof\u00eda<br>Editorial: Siruela<br>ISBN: 9788415723929<\/p>\n\n\n\n<p><img loading=\"lazy\" decoding=\"async\" width=\"150\" height=\"236\" class=\"wp-image-61\" style=\"width: 150px;\" src=\"https:\/\/www.socials-insaiguaviva.org\/filosofia\/wp-content\/uploads\/2024\/06\/filosofia-en-la-calle-eduardo-infante.jpg\" alt=\"Filosof\u00eda en la calle - Eduardo Infante\"><\/p>\n\n\n\n<p>Eduardo Infante<br>Filosof\u00eda en la calle<br>Editorial: Ariel<br>ISBN: 978-84-344-3120-1<\/p>\n","protected":false},"excerpt":{"rendered":"<p>Cam\u00ed Del Mar. Vuit Di\u00e0legs Amb La Filosofiade Ll Cerarols i M CodinaEd. L&#8217;ALBIISBN: 9788415269748 Richard David Precht\u00bfPor qu\u00e9 hay todo y no nada? Un paseo por la filosof\u00edaEditorial: SiruelaISBN: 9788415723929 Eduardo InfanteFilosof\u00eda en la calleEditorial: ArielISBN: 978-84-344-3120-1<\/p>\n","protected":false},"author":2,"featured_media":0,"comment_status":"closed","ping_status":"","sticky":false,"template":"","format":"standard","meta":{"footnotes":""},"categories":[1],"tags":[],"class_list":["post-67","post","type-post","status-publish","format-standard","hentry","category-general"],"_links":{"self":[{"href":"https:\/\/www.socials-insaiguaviva.org\/filosofia\/wp-json\/wp\/v2\/posts\/67","targetHints":{"allow":["GET"]}}],"collection":[{"href":"https:\/\/www.socials-insaiguaviva.org\/filosofia\/wp-json\/wp\/v2\/posts"}],"about":[{"href":"https:\/\/www.socials-insaiguaviva.org\/filosofia\/wp-json\/wp\/v2\/types\/post"}],"author":[{"embeddable":true,"href":"https:\/\/www.socials-insaiguaviva.org\/filosofia\/wp-json\/wp\/v2\/users\/2"}],"replies":[{"embeddable":true,"href":"https:\/\/www.socials-insaiguaviva.org\/filosofia\/wp-json\/wp\/v2\/comments?post=67"}],"version-history":[{"count":1,"href":"https:\/\/www.socials-insaiguaviva.org\/filosofia\/wp-json\/wp\/v2\/posts\/67\/revisions"}],"predecessor-version":[{"id":69,"href":"https:\/\/www.socials-insaiguaviva.org\/filosofia\/wp-json\/wp\/v2\/posts\/67\/revisions\/69"}],"wp:attachment":[{"href":"https:\/\/www.socials-insaiguaviva.org\/filosofia\/wp-json\/wp\/v2\/media?parent=67"}],"wp:term":[{"taxonomy":"category","embeddable":true,"href":"https:\/\/www.socials-insaiguaviva.org\/filosofia\/wp-json\/wp\/v2\/categories?post=67"},{"taxonomy":"post_tag","embeddable":true,"href":"https:\/\/www.socials-insaiguaviva.org\/filosofia\/wp-json\/wp\/v2\/tags?post=67"}],"curies":[{"name":"wp","href":"https:\/\/api.w.org\/{rel}","templated":true}]}}